{"id":3101,"date":"2024-01-30T09:27:00","date_gmt":"2024-01-30T12:27:00","guid":{"rendered":"https:\/\/abrafidef.org.br\/novo\/abrafidef\/?p=3101"},"modified":"2024-02-23T16:16:32","modified_gmt":"2024-02-23T19:16:32","slug":"ultrassom-ciensiologico","status":"publish","type":"post","link":"https:\/\/abrafidef.org.br\/novo\/abrafidef\/ultrassom-ciensiologico\/","title":{"rendered":"ULTRASSONOGRAFIA DE IMAGEM"},"content":{"rendered":"\n<p>A ABRAFIDEF informa que a ultrassonografia de imagem utilizada, quer seja para fins de diagn\u00f3stico nosol\u00f3gico fisioterap\u00eautico (solicita\u00e7\u00e3o e interpreta\u00e7\u00e3o), quer seja para acompanhamento de resultados de tratamentos fisioterap\u00eauticos ou procedimentos fisioterap\u00eauticos guiados por ultrassom (realiza\u00e7\u00e3o), est\u00e1 plenamente amparada pelos textos dos artigos 1\u00ba e 3\u00ba da <strong><a rel=\"noreferrer noopener\" href=\"https:\/\/www.coffito.gov.br\/nsite\/?p=2838\" target=\"_blank\">Resolu\u00e7\u00e3o COFFITO n\u00ba 80 de 1987<\/a><\/strong>, inciso VI do art. 5\u00ba da <strong><a rel=\"noreferrer noopener\" href=\"http:\/\/portal.mec.gov.br\/cne\/arquivos\/pdf\/CES042002.pdf#:%7E:text=RESOLU%C3%87%C3%83O%20CNE%2FCES%204%2C%20DE%2019%20DE%20FEVEREIRO%20DE,Curriculares%20Nacionais%20do%20Curso%20de%20Gradua%C3%A7%C3%A3o%20em%20Fisioterapia.\" target=\"_blank\">Resolu\u00e7\u00e3o CNE\/CES n\u00ba 04 de 2002<\/a><\/strong> (Diretrizes Curriculares Nacionais do Curso de Gradua\u00e7\u00e3o em Fisioterapia). A ultrassonografia cinesiol\u00f3gica \u00e9 um m\u00e9todo n\u00e3o invasivo, sem emiss\u00e3o de radia\u00e7\u00e3o e capaz de gerar diagn\u00f3sticos funcionais. Assim, considerando-se a <a rel=\"noreferrer noopener\" href=\"https:\/\/www.planalto.gov.br\/ccivil_03\/_ato2011-2014\/2013\/lei\/l12842.htm\" target=\"_blank\"><strong>Lei Federal n\u00ba 12.842 de 2013<\/strong><\/a>, a <a rel=\"noreferrer noopener\" href=\"https:\/\/www.coffito.gov.br\/nsite\/?p=1451\" target=\"_blank\"><strong>Resolu\u00e7\u00e3o COFFITO n\u00ba 381 de 2010<\/strong><\/a> e os incisos IV, V e XVIII do art 3\u00ba da <a rel=\"noreferrer noopener\" href=\"https:\/\/www.coffito.gov.br\/nsite\/?p=3157\" target=\"_blank\"><strong>Resolu\u00e7\u00e3o COFFITO n\u00ba 394 de 2011<\/strong><\/a>, o fisioterapeuta est\u00e1 habilitado para utiliza\u00e7\u00e3o da ultrassonografia n\u00e3o s\u00f3 no campo da pesquisa, mas tamb\u00e9m na pr\u00e1tica cl\u00ednica. O diagn\u00f3stico fisioterap\u00eautico encontra-se pacificado nas decis\u00f5es colegiadas de altas cortes do pa\u00eds, como no TRF1, por advento da senten\u00e7a expedida em 11\/05\/2022 na <a rel=\"noreferrer noopener\" href=\"https:\/\/www.coffito.gov.br\/nsite\/wp-content\/uploads\/2022\/05\/TRF1.-SentenA%CC%83%C2%A7a.-ACP.-Disturbios-do-Sono.pdf\" target=\"_blank\"><strong>A\u00e7\u00e3o Civil P\u00fablica n\u00ba 1073317-96.2021.4.01.3400<\/strong><\/a> e tamb\u00e9m no STJ, no <a rel=\"noreferrer noopener\" href=\"https:\/\/www.stj.jus.br\/sites\/portalp\/Paginas\/Comunicacao\/Noticias\/2022\/25112022-Para-Primeira-Turma--fisioterapeuta-e-terapeuta-ocupacional-podem-diagnosticar-e-indicar-tratamentos.aspx\" target=\"_blank\"><strong>RECURSO ESPECIAL N\u00ba 1.592.450 \u2013 RS<\/strong><\/a>. Quer ter acesso a todos os documentos jurisprudenciais que respaldam essa pr\u00e1tica fisioterap\u00eautica leg\u00edtima? Acesse o Qr code da imagem acima ou <a rel=\"noreferrer noopener\" href=\"https:\/\/drive.google.com\/drive\/mobile\/folders\/1sS_VH-Ec8RiHfsv2PorAIIv4svfkTswJ?usp=share_link\" target=\"_blank\"><strong>clique aqui<\/strong><\/a><\/p>\n","protected":false},"excerpt":{"rendered":"<p>A ABRAFIDEF informa que a ultrassonografia de imagem utilizada, quer seja para fins de diagn\u00f3stico nosol\u00f3gico fisioterap\u00eautico (solicita\u00e7\u00e3o e interpreta\u00e7\u00e3o), quer seja para acompanhamento de resultados de tratamentos fisioterap\u00eauticos ou procedimentos fisioterap\u00eauticos guiados por ultrassom (realiza\u00e7\u00e3o), est\u00e1 plenamente amparada pelos textos dos artigos 1\u00ba e 3\u00ba da Resolu\u00e7\u00e3o COFFITO n\u00ba 80 de 1987, inciso VI [&hellip;]<\/p>\n","protected":false},"author":4,"featured_media":3175,"comment_status":"open","ping_status":"open","sticky":false,"template":"","format":"standard","meta":[],"categories":[1],"tags":[],"_links":{"self":[{"href":"https:\/\/abrafidef.org.br\/novo\/abrafidef\/wp-json\/wp\/v2\/posts\/3101"}],"collection":[{"href":"https:\/\/abrafidef.org.br\/novo\/abrafidef\/wp-json\/wp\/v2\/posts"}],"about":[{"href":"https:\/\/abrafidef.org.br\/novo\/abrafidef\/wp-json\/wp\/v2\/types\/post"}],"author":[{"embeddable":true,"href":"https:\/\/abrafidef.org.br\/novo\/abrafidef\/wp-json\/wp\/v2\/users\/4"}],"replies":[{"embeddable":true,"href":"https:\/\/abrafidef.org.br\/novo\/abrafidef\/wp-json\/wp\/v2\/comments?post=3101"}],"version-history":[{"count":2,"href":"https:\/\/abrafidef.org.br\/novo\/abrafidef\/wp-json\/wp\/v2\/posts\/3101\/revisions"}],"predecessor-version":[{"id":3112,"href":"https:\/\/abrafidef.org.br\/novo\/abrafidef\/wp-json\/wp\/v2\/posts\/3101\/revisions\/3112"}],"wp:featuredmedia":[{"embeddable":true,"href":"https:\/\/abrafidef.org.br\/novo\/abrafidef\/wp-json\/wp\/v2\/media\/3175"}],"wp:attachment":[{"href":"https:\/\/abrafidef.org.br\/novo\/abrafidef\/wp-json\/wp\/v2\/media?parent=3101"}],"wp:term":[{"taxonomy":"category","embeddable":true,"href":"https:\/\/abrafidef.org.br\/novo\/abrafidef\/wp-json\/wp\/v2\/categories?post=3101"},{"taxonomy":"post_tag","embeddable":true,"href":"https:\/\/abrafidef.org.br\/novo\/abrafidef\/wp-json\/wp\/v2\/tags?post=3101"}],"curies":[{"name":"wp","href":"https:\/\/api.w.org\/{rel}","templated":true}]}}